{"id":2876,"date":"2020-04-21T09:49:36","date_gmt":"2020-04-21T08:49:36","guid":{"rendered":"https:\/\/ibb.uab.cat\/?p=2876"},"modified":"2020-04-21T11:24:11","modified_gmt":"2020-04-21T10:24:11","slug":"salvador-ventura-reconegut-amb-el-premi-bruker-manuel-rico-2020","status":"publish","type":"post","link":"https:\/\/ibb.uab.cat\/index.php\/2020\/04\/21\/salvador-ventura-reconegut-amb-el-premi-bruker-manuel-rico-2020\/","title":{"rendered":"Salvador Ventura, reconegut amb el Premi Bruker &#8220;Manuel Rico&#8221; 2020"},"content":{"rendered":"<p style=\"text-align: justify;\"><b><img loading=\"lazy\" class=\" wp-image-2877 alignleft\" src=\"https:\/\/ibb.uab.cat\/wp-content\/uploads\/salvaventura2-1-225x300.jpg\" alt=\"\" width=\"331\" height=\"442\" srcset=\"https:\/\/ibb.uab.cat\/wp-content\/uploads\/salvaventura2-1-225x300.jpg 225w, https:\/\/ibb.uab.cat\/wp-content\/uploads\/salvaventura2-1-195x260.jpg 195w, https:\/\/ibb.uab.cat\/wp-content\/uploads\/salvaventura2-1.jpg 303w\" sizes=\"(max-width: 331px) 100vw, 331px\" \/>La Sociedad de Biof\u00edsica de Espa\u00f1a ha concedit aquest guard\u00f3 a l&#8217;investigador de l&#8217;IBB-UAB per les importants aportacions realitzades a l&#8217;estudi dels mecanismes del plegament de prote\u00efnes i del proc\u00e9s d&#8217;agregaci\u00f3 i la seva connexi\u00f3 amb malalties neurodegeneratives com les d&#8217;Alzheimer o de Parkinson.<\/b><\/p>\n<p style=\"text-align: justify;\">El Premi Bruker &#8220;Manuel Rico&#8221; es concedeix a un biof\u00edsic que desenvolupi la seva activitat principal a Espanya i que treballi en la resoluci\u00f3 de problemes d\u2019estructura o funci\u00f3 de biomol\u00e8cules. De gran prestigi a nivell estatal, es lliura en mem\u00f2ria del professor Manuel Rico, biof\u00edsic membre de la\u00a0<a href=\"https:\/\/sbe.es\/\" target=\"_blank\" rel=\"noopener\">BSE<\/a>\u00a0i investigador del CSIC, pioner en l\u2019\u00fas de la resson\u00e0ncia magn\u00e8tica per a l\u2019estudi de les prote\u00efnes.<\/p>\n<p style=\"text-align: justify;\">En aquesta edici\u00f3, el jurat ha reconegut la &#8220;traject\u00f2ria extraordin\u00e0ria&#8221; de Salvador Ventura en aquest camp d\u2019estudi. El professor Ventura \u00e9s investigador del Departament de Bioqu\u00edmica i de Biologia Molecular i de l&#8217;Institut de Biotecnologia i de Biomedicina (IBB) on lidera el\u00a0<a href=\"https:\/\/ibb.uab.cat\/wp-content\/themes\/viral\/modules\/ibb_membres\/view_grup.php?CodiGrup=36\" target=\"_blank\" rel=\"noopener\">grup de recerca de Plegament de Prote\u00efnes i de Malalties Conformacionals<\/a>.<\/p>\n<p style=\"text-align: justify;\">Ventura i el seu equip investiguen de manera multidisciplin\u00e0ria aspectes fonamentals del plegament de prote\u00efnes i de com la p\u00e8rdua de la seva funcionalitat i el proc\u00e9s d&#8217;agregaci\u00f3 conseq\u00fcent estan en l\u2019origen de nombroses patologies, incloent-hi diverses malalties neurodegeneratives. El coneixement obtingut els ha perm\u00e8s dissenyar i produir noves\u00a0<a href=\"https:\/\/www.uab.cat\/web\/sala-de-premsa\/detall-de-noticia\/identifiquen-una-molecula-que-atura-i-reverteix-la-neurodegeneracio-que-provoca-el-parkinson-1345667174054.html?noticiaid=1345770840832\" target=\"_blank\" rel=\"noopener\">prote\u00efnes<\/a>\u00a0i el desenvolupament de nous\u00a0<a href=\"https:\/\/www.uab.cat\/web\/sala-de-premsa\/detall-de-noticia\/dissenyen-bioestructures-minimes-per-crear-nanomaterials-1345667174054.html?noticiaid=1345765237813\" target=\"_blank\" rel=\"noopener\">biomaterials autoensamblats<\/a>\u00a0d\u2019aplicaci\u00f3 en biomedicina i nanotecnologia.<\/p>\n<p style=\"text-align: justify;\">Salvador Ventura rebr\u00e0 la distinci\u00f3 en el proper\u00a0<a href=\"http:\/\/biofisica.info\/7th-international-iberian-biophysics-congress\/\" target=\"_blank\" rel=\"noopener\">Congr\u00e9s Ib\u00e8ric de Biof\u00edsica<\/a>,\u00a0 on hi \u00e9s convidat a impartir una confer\u00e8ncia. El premi, a m\u00e9s, est\u00e0 dotat amb un import de 3000 \u20ac.<\/p>\n","protected":false},"excerpt":{"rendered":"<p>La Sociedad de Biof\u00edsica de Espa\u00f1a ha concedit aquest guard\u00f3 a l&#8217;investigador de l&#8217;IBB-UAB per les importants aportacions realitzades a l&#8217;estudi dels mecanismes del plegament de prote\u00efnes i del proc\u00e9s d&#8217;agregaci\u00f3 i la seva connexi\u00f3 amb malalties neurodegeneratives com les d&#8217;Alzheimer o de Parkinson. El Premi Bruker &#8220;Manuel Rico&#8221; es concedeix a un biof\u00edsic que [&hellip;]<\/p>\n","protected":false},"author":65,"featured_media":2877,"comment_status":"closed","ping_status":"open","sticky":false,"template":"","format":"standard","meta":[],"categories":[4],"tags":[],"_links":{"self":[{"href":"https:\/\/ibb.uab.cat\/index.php\/wp-json\/wp\/v2\/posts\/2876"}],"collection":[{"href":"https:\/\/ibb.uab.cat\/index.php\/wp-json\/wp\/v2\/posts"}],"about":[{"href":"https:\/\/ibb.uab.cat\/index.php\/wp-json\/wp\/v2\/types\/post"}],"author":[{"embeddable":true,"href":"https:\/\/ibb.uab.cat\/index.php\/wp-json\/wp\/v2\/users\/65"}],"replies":[{"embeddable":true,"href":"https:\/\/ibb.uab.cat\/index.php\/wp-json\/wp\/v2\/comments?post=2876"}],"version-history":[{"count":2,"href":"https:\/\/ibb.uab.cat\/index.php\/wp-json\/wp\/v2\/posts\/2876\/revisions"}],"predecessor-version":[{"id":2879,"href":"https:\/\/ibb.uab.cat\/index.php\/wp-json\/wp\/v2\/posts\/2876\/revisions\/2879"}],"wp:featuredmedia":[{"embeddable":true,"href":"https:\/\/ibb.uab.cat\/index.php\/wp-json\/wp\/v2\/media\/2877"}],"wp:attachment":[{"href":"https:\/\/ibb.uab.cat\/index.php\/wp-json\/wp\/v2\/media?parent=2876"}],"wp:term":[{"taxonomy":"category","embeddable":true,"href":"https:\/\/ibb.uab.cat\/index.php\/wp-json\/wp\/v2\/categories?post=2876"},{"taxonomy":"post_tag","embeddable":true,"href":"https:\/\/ibb.uab.cat\/index.php\/wp-json\/wp\/v2\/tags?post=2876"}],"curies":[{"name":"wp","href":"https:\/\/api.w.org\/{rel}","templated":true}]}}