{"id":2791,"date":"2020-03-10T12:09:36","date_gmt":"2020-03-10T11:09:36","guid":{"rendered":"https:\/\/ibb.uab.cat\/?p=2791"},"modified":"2020-03-11T09:18:08","modified_gmt":"2020-03-11T08:18:08","slug":"en-el-marc-dels-actes-del-50e-aniversari-de-libb-hem-organitzat-un-crida-fotografica-per-a-tots-els-membres-de-linstitut","status":"publish","type":"post","link":"https:\/\/ibb.uab.cat\/index.php\/2020\/03\/10\/en-el-marc-dels-actes-del-50e-aniversari-de-libb-hem-organitzat-un-crida-fotografica-per-a-tots-els-membres-de-linstitut\/","title":{"rendered":"En el marc dels actes del 50\u00e8 aniversari de l\u2019IBB hem organitzat un crida fotogr\u00e0fica"},"content":{"rendered":"<p style=\"text-align: justify;\"><img loading=\"lazy\" class=\"size-full wp-image-2814 alignleft\" src=\"https:\/\/ibb.uab.cat\/wp-content\/uploads\/P\u00f2ster3-concurs-fotos.jpg\" alt=\"\" width=\"720\" height=\"960\" srcset=\"https:\/\/ibb.uab.cat\/wp-content\/uploads\/P\u00f2ster3-concurs-fotos.jpg 720w, https:\/\/ibb.uab.cat\/wp-content\/uploads\/P\u00f2ster3-concurs-fotos-225x300.jpg 225w, https:\/\/ibb.uab.cat\/wp-content\/uploads\/P\u00f2ster3-concurs-fotos-195x260.jpg 195w\" sizes=\"(max-width: 720px) 100vw, 720px\" \/>En el marc dels actes del 50\u00e8 aniversari de l\u2019IBB hem organitzat un crida fotogr\u00e0fica sota el t\u00edtol transversal de:<\/p>\n<p style=\"text-align: justify;\"><span style=\"font-size: 18pt;\"><em><strong>La vida al laboratori<\/strong><\/em><\/span><\/p>\n<hr \/>\n<p style=\"text-align: justify;\">S\u2019accepten imatges en format digital, tant en blanc i negre com el color, sobre la vida i activitat dels laboratoris de l\u2019Institut, des d\u2019una visi\u00f3 art\u00edstica o documental. Es poden fotografiar laboratoris, objectes, aparells, estris i material de recerca (sense mostrar marques), aix\u00ed com persones (en aquest cas, conv\u00e9 que el fot\u00f2graf tingui una cessi\u00f3 expl\u00edcita dels drets de imatge \u2013es pot trobar un model <a href=\"https:\/\/www.dropbox.com\/s\/zfzmt6gp3xk94wm\/cesion%20derechos%20de%20imagen%20FINAL%20generico.docx?dl=0\">aqu\u00ed<\/a>-), que reflecteixin la quotidianitat de la recerca a l\u2019Institut. Tamb\u00e9 s\u2019acceptaran imatges obtingudes per medi d\u2019aparells anal\u00edtics (microsc\u00f2pia, <em>blots<\/em>, gen\u00f2mica, etc), sempre que estiguin lliures de drets de c\u00f2pia.<\/p>\n<p style=\"text-align: justify;\">Cada persona pot enviar fins a 3 imatges, en format jpg, amb 300 DPI i amb una mida de 50 x 70 cm (vertical o horitzontal). Els arxius s\u2019enviaran per e-mail a <a href=\"mailto:ibb@uab.cat\">ibb@uab.cat<\/a> fins el dia 3 d\u2019abril de 2020 a les 12:00 h, indicant el nom del fot\u00f2graf\/a i el t\u00edtol de la imatge a l\u2019arxiu.<\/p>\n<p style=\"text-align: justify;\"><span style=\"color: #33cccc;\"><em><strong>Les imatges rebudes seran impreses a c\u00e0rrec de l\u2019Institut i exposades als seus espais.<\/strong><\/em><\/span><span style=\"font-size: 12pt; color: #000000;\"><strong> Una selecci\u00f3 de les mateixes<\/strong>, seleccionades per una comissi\u00f3 art\u00edstica en base a una homogene\u00eftat est\u00e8tica, <strong>es presentaran com a proposta, en forma de s\u00e8rie tem\u00e0tica,<\/strong> <strong>per a una exposici\u00f3 en espais externs a l\u2019Institut, amb la deguda acreditaci\u00f3 dels autors\/es i de l\u2019IBB<\/strong>.<\/span> L\u2019enviament de les imatges suposa el reconeixement de\u00a0l\u2019autoria i dels drets de c\u00f2pia de les mateixes.<\/p>\n<p>&nbsp;<\/p>\n<p>&nbsp;<\/p>\n","protected":false},"excerpt":{"rendered":"<p>En el marc dels actes del 50\u00e8 aniversari de l\u2019IBB hem organitzat un crida fotogr\u00e0fica sota el t\u00edtol transversal de: La vida al laboratori S\u2019accepten imatges en format digital, tant en blanc i negre com el color, sobre la vida i activitat dels laboratoris de l\u2019Institut, des d\u2019una visi\u00f3 art\u00edstica o documental. Es poden fotografiar [&hellip;]<\/p>\n","protected":false},"author":65,"featured_media":2814,"comment_status":"closed","ping_status":"open","sticky":false,"template":"","format":"standard","meta":[],"categories":[4],"tags":[],"_links":{"self":[{"href":"https:\/\/ibb.uab.cat\/index.php\/wp-json\/wp\/v2\/posts\/2791"}],"collection":[{"href":"https:\/\/ibb.uab.cat\/index.php\/wp-json\/wp\/v2\/posts"}],"about":[{"href":"https:\/\/ibb.uab.cat\/index.php\/wp-json\/wp\/v2\/types\/post"}],"author":[{"embeddable":true,"href":"https:\/\/ibb.uab.cat\/index.php\/wp-json\/wp\/v2\/users\/65"}],"replies":[{"embeddable":true,"href":"https:\/\/ibb.uab.cat\/index.php\/wp-json\/wp\/v2\/comments?post=2791"}],"version-history":[{"count":8,"href":"https:\/\/ibb.uab.cat\/index.php\/wp-json\/wp\/v2\/posts\/2791\/revisions"}],"predecessor-version":[{"id":2815,"href":"https:\/\/ibb.uab.cat\/index.php\/wp-json\/wp\/v2\/posts\/2791\/revisions\/2815"}],"wp:featuredmedia":[{"embeddable":true,"href":"https:\/\/ibb.uab.cat\/index.php\/wp-json\/wp\/v2\/media\/2814"}],"wp:attachment":[{"href":"https:\/\/ibb.uab.cat\/index.php\/wp-json\/wp\/v2\/media?parent=2791"}],"wp:term":[{"taxonomy":"category","embeddable":true,"href":"https:\/\/ibb.uab.cat\/index.php\/wp-json\/wp\/v2\/categories?post=2791"},{"taxonomy":"post_tag","embeddable":true,"href":"https:\/\/ibb.uab.cat\/index.php\/wp-json\/wp\/v2\/tags?post=2791"}],"curies":[{"name":"wp","href":"https:\/\/api.w.org\/{rel}","templated":true}]}}