{"id":2557,"date":"2019-11-22T13:12:39","date_gmt":"2019-11-22T12:12:39","guid":{"rendered":"https:\/\/ibb.uab.cat\/?p=2557"},"modified":"2019-11-22T13:15:08","modified_gmt":"2019-11-22T12:15:08","slug":"la-uab-entrega-els-titols-i-premis-extraordinaris-de-doctorat","status":"publish","type":"post","link":"https:\/\/ibb.uab.cat\/index.php\/2019\/11\/22\/la-uab-entrega-els-titols-i-premis-extraordinaris-de-doctorat\/","title":{"rendered":"La UAB entrega els t\u00edtols i premis extraordinaris de doctorat"},"content":{"rendered":"<p><b><img loading=\"lazy\" class=\"size-full wp-image-2558 alignright\" src=\"https:\/\/ibb.uab.cat\/wp-content\/uploads\/hotel3.gif\" alt=\"\" width=\"480\" height=\"270\" \/>Salvador Ventura, director de l\u2019Institut de Biotecnologia i de Biomedicina, pronunciar\u00e0 la pon\u00e8ncia \u201cDesmuntant el LEGO: A la cerca d&#8217;una cura per les malalties neurodegeneratives&#8221;.<\/b><b>El 22 de novembre l\u2019Hotel Exe Campus acollir\u00e0 el lliurament dels t\u00edtols i premis extraordinaris del doctorat.\u00a0<\/b><\/p>\n<p>A l\u2019acte, que s\u2019iniciar\u00e0 a les 18 hores, <\/p>\n<p>Vict\u00f2ria Nogu\u00e9s, secret\u00e0ria acad\u00e8mica de l\u2019Escola de Doctorat, presentar\u00e0 l\u2019acte que comptar\u00e0 tamb\u00e9 amb les intervencions institucionals de Margarita Arboix, rectora de la UAB;\u00a0Sara Moreno, vicerectora d\u2019Alumnat i Ocupabilitat de la UAB; Armand S\u00e1nchez, director de l\u2019Escola de Doctorat i vicerector de Recerca i de Transfer\u00e8ncia de la UAB; i Tirso Gr\u00e0cia, membre del Consell Social de la UAB. A m\u00e9s, en representaci\u00f3 dels doctors i doctores que reben els seus t\u00edtols i premis en aquesta cerim\u00f2nia, hi intervindr\u00e0 Daniel Fern\u00e1ndez, distingit amb el premi extraordinari de Doctorat del Programa en Filologia Espanyola. Finalment, el cor de la UAB interpretar\u00e0 el cant\u00a0<em>Gaudeamus Igitur<\/em>.<\/p>\n<p class=\"mes-info-noticia\"><strong>M\u00e9s informaci\u00f3:<\/strong>\u00a0<a href=\"http:\/\/www.uab.cat\/web\/estudiar\/escola-de-doctorat\/l-escola-de-doctorat-1345670563995.html\" target=\"_BLANK\">Escola de Doctorat<\/a><br \/>\n<a href=\"https:\/\/www.uab.cat\/doc\/programacerimonia\" target=\"_blank\" rel=\"noopener\">Programa de l&#8217;entrega dels t\u00edtols de doctor i dels premis extraordinaris del doctorat<\/a><\/p>\n","protected":false},"excerpt":{"rendered":"<p>Salvador Ventura, director de l\u2019Institut de Biotecnologia i de Biomedicina, pronunciar\u00e0 la pon\u00e8ncia \u201cDesmuntant el LEGO: A la cerca d&#8217;una cura per les malalties neurodegeneratives&#8221;.El 22 de novembre l\u2019Hotel Exe Campus acollir\u00e0 el lliurament dels t\u00edtols i premis extraordinaris del doctorat.\u00a0 A l\u2019acte, que s\u2019iniciar\u00e0 a les 18 hores, Vict\u00f2ria Nogu\u00e9s, secret\u00e0ria acad\u00e8mica de l\u2019Escola [&hellip;]<\/p>\n","protected":false},"author":65,"featured_media":2558,"comment_status":"closed","ping_status":"open","sticky":false,"template":"","format":"standard","meta":[],"categories":[4],"tags":[],"_links":{"self":[{"href":"https:\/\/ibb.uab.cat\/index.php\/wp-json\/wp\/v2\/posts\/2557"}],"collection":[{"href":"https:\/\/ibb.uab.cat\/index.php\/wp-json\/wp\/v2\/posts"}],"about":[{"href":"https:\/\/ibb.uab.cat\/index.php\/wp-json\/wp\/v2\/types\/post"}],"author":[{"embeddable":true,"href":"https:\/\/ibb.uab.cat\/index.php\/wp-json\/wp\/v2\/users\/65"}],"replies":[{"embeddable":true,"href":"https:\/\/ibb.uab.cat\/index.php\/wp-json\/wp\/v2\/comments?post=2557"}],"version-history":[{"count":4,"href":"https:\/\/ibb.uab.cat\/index.php\/wp-json\/wp\/v2\/posts\/2557\/revisions"}],"predecessor-version":[{"id":2562,"href":"https:\/\/ibb.uab.cat\/index.php\/wp-json\/wp\/v2\/posts\/2557\/revisions\/2562"}],"wp:featuredmedia":[{"embeddable":true,"href":"https:\/\/ibb.uab.cat\/index.php\/wp-json\/wp\/v2\/media\/2558"}],"wp:attachment":[{"href":"https:\/\/ibb.uab.cat\/index.php\/wp-json\/wp\/v2\/media?parent=2557"}],"wp:term":[{"taxonomy":"category","embeddable":true,"href":"https:\/\/ibb.uab.cat\/index.php\/wp-json\/wp\/v2\/categories?post=2557"},{"taxonomy":"post_tag","embeddable":true,"href":"https:\/\/ibb.uab.cat\/index.php\/wp-json\/wp\/v2\/tags?post=2557"}],"curies":[{"name":"wp","href":"https:\/\/api.w.org\/{rel}","templated":true}]}}